{"provider_url": "https://www.manicore.am.leg.br", "title": "Vereadores suplentes deixaram os Cargos  ", "html": "<p style=\"text-align: justify; \">Na manh\u00e3 desta ter\u00e7a feira, 29 de mar\u00e7o de 2016, o vereador Miro Gomes e Vereadora Nara Lidia deixaram os cargos de suplentes.</p>\r\n<p style=\"text-align: justify; \">Durante a Sess\u00e3o comentou Miro Gomes: \u201cHoje estou me despedindo do plen\u00e1rio da C\u00e2mara Municipal de Manicor\u00e9, pois estava assumindo a primeira supl\u00eancia, quero agradecer a todos os vereadores pelo aprendizado e parceria nesses \u00faltimos anos, pelo apoio e uni\u00e3o, agradecer a Deus e a minha fam\u00edlia por toda a paci\u00eancia e proximamente a todos os eleitores que votar\u00e3o em mim e a todos que n\u00e3o votaram mais foram sinceros em me dizer que j\u00e1 tinham compromisso, quero dizer que o amigo Miro Gomes est\u00e1 aqui para lutar pelos interesses da popula\u00e7\u00e3o e o que for melhor para Manicor\u00e9 em primeiro lugar....at\u00e9 breve meus amigos\u201d.</p>\r\n<p style=\"text-align: justify; \">\u00a0</p>\r\n<p style=\"text-align: justify; \">Fonte: Assessoria de comunica\u00e7\u00e3o da C\u00e2mara Municipal de Manicor\u00e9\u00a0</p>", "author_name": "", "version": "1.0", "author_url": "https://www.manicore.am.leg.br/author/mnc", "provider_name": "C\u00e2mara Municipal de Manicor\u00e9 - \"O Poder do Di\u00e1logo\"", "type": "rich"}