{"provider_url": "https://www.manicore.am.leg.br", "title": "Presidente Newton Neto pede informa\u00e7\u00f5es sobre planejamento de Infraestrutura no Munic\u00edpio", "html": "<p style=\"text-align: justify; \">Devido \u00e0s v\u00e1rias cobran\u00e7as da popula\u00e7\u00e3o, quanto \u00e0 presta\u00e7\u00e3o de servi\u00e7os por parte da Secretaria Municipal de Infraestrutura, o vereador presidente Newton Neto (PSD), apresentou requerimento n\u00b0 007/2023 que cobra da Secretaria, planejamento junto aos servi\u00e7os realizados pela pasta de obras.</p>\r\n<p style=\"text-align: justify; \">Aperte o Play e Assista o discurso do Parlamentar ou abra no link\u00a0<a class=\"external-link\" href=\"https://youtu.be/lAuthPoYNIk?t=6518\" target=\"_self\" title=\"\">https://youtu.be/lAuthPoYNIk?t=6518</a></p>\r\n<p style=\"text-align: justify; \"><iframe src=\"https://www.youtube.com/embed/lAuthPoYNIk?t=6518\" width=\"425\" height=\"350\" allowfullscreen=\"\" frameborder=\"0\" style=\"\"></iframe><br />A comunidade pode se fazer presente nas Sess\u00f5es Ordin\u00e1rias que acontecem no Plen\u00e1rio todas as segundas e ter\u00e7as-feiras a partir das 09h, e tamb\u00e9m pode ficar por dentro de todas as informa\u00e7\u00f5es atrav\u00e9s do portal de not\u00edcias www.manicore.am.leg.br | Curta-nos no Facebook e acompanhe a Transmiss\u00e3o da Sess\u00e3o ao vivo\u00a0<a class=\"external-link\" href=\"https://www.facebook.com/camarademanicore\" target=\"_self\" title=\"\">www.facebook.com/camarademanicore</a>\u00a0\u00a0e na fan page no Faceboook\u00a0<a href=\"http://www.facebook.com/camarademanicoreoficial\">www.facebook.com/camarademanicoreoficial</a>\u00a0| Siga-nos no Instagram\u00a0<a class=\"external-link\" href=\"http://www.facebook.com/camarademanicore\" target=\"_self\" title=\"\">www.instagram.com/camarademanicore</a>\u00a0| Ou\u00e7a tamb\u00e9m ao vivo a Sess\u00e3o atrav\u00e9s da Web R\u00e1dio do Poder Legislativo\u00a0<a class=\"external-link\" href=\"http://www.manicore.am.leg.br/radio\" target=\"_self\" title=\"\">www.manicore.am.leg.br/radio</a>\u00a0| Inscreva-se em nosso canal no Youtube e assista quando e onde quiser a reprise das Sess\u00f5es\u00a0<a class=\"external-link\" href=\"http://www.manicore.am.leg.br/radio\" target=\"_self\" title=\"\">www.manicore.am.leg.br/tv</a>\u00a0| Sugest\u00f5es ou Cr\u00edticas\u00a0<a class=\"external-link\" href=\"http://www.manicore.am.leg.br/ouvidoria\" target=\"_self\" title=\"\">www.manicore.am.leg.br/ouvidoria</a>\u00a0| Assessoria de Imprensa\u00a0<a class=\"email-link\" href=\"mailto:comunicacao@manicore.am.leg.br\" target=\"_self\" title=\"\">comunicacao@manicore.am.leg.br</a>\u00a0|\u00a0participe tamb\u00e9m do Grupo da C\u00e2mara de Manicor\u00e9 no WhatsApp\u00a0<a title=\"\" href=\"https://www.manicore.am.leg.br/whatsapp\" class=\"external-link\" target=\"_self\">www.manicore.am.leg.br/whatsapp</a>\u00a0 |<br />\u00a0<br />C\u00e2mara Municipal de Manicor\u00e9 - \"<em>Vamos legislar e administrar juntos</em>\"<br /><i></i></p>\r\n<p style=\"text-align: justify; \"><i>Assessoria de Imprensa</i><br /><i>Gabriel Caetano</i><br /><i>gabrieljornalistaam@hotmail.com</i></p>\r\n<div style=\"text-align: justify; \"><i><br /></i></div>", "author_name": "", "version": "1.0", "author_url": "https://www.manicore.am.leg.br/author/mnc", "provider_name": "C\u00e2mara Municipal de Manicor\u00e9 - \"O Poder do Di\u00e1logo\"", "type": "rich"}