{"provider_url": "https://www.manicore.am.leg.br", "title": "Em entrevista \u00e0 R\u00e1dio Rio Madeira, Augusto Vieira fala sobre Energia El\u00e9trica e Seguran\u00e7a P\u00fablica", "html": "<p style=\"text-align: justify; \">O vereador e presidente da C\u00e2mara Augusto Vieira (PSD), foi o entrevistado na manh\u00e3 deste s\u00e1bado (26), no programa \u2018Fala Manicor\u00e9\u2019 da R\u00e1dio Rio Madeira AM (840 kHz) e falou sobre as provid\u00eancias que a C\u00e2mara est\u00e1 tomando sobre as Leituras e Cobran\u00e7as de Energia El\u00e9trica e Seguran\u00e7a P\u00fablica em Manicor\u00e9.</p>\r\n<p style=\"text-align: justify; \">Na ocasi\u00e3o, o parlamentar foi entrevistado pelo apresentador Edson Soares. V\u00e1rios assuntos de interesse da comunidade foram abordados.</p>\r\n<p style=\"text-align: justify; \">Augusto disse que a C\u00e2mara est\u00e1 atenta aos problemas e que tomar\u00e1 medidas\u00a0dentro da al\u00e7ada do Poder Legislativo, para que a popula\u00e7\u00e3o n\u00e3o seja prejudicada.</p>\r\n<p style=\"text-align: justify; \">A comunidade pode se fazer presente nas Sess\u00f5es Ordin\u00e1rias que acontecem no Plen\u00e1rio da C\u00e2mara de Vereadores todas as segundas e ter\u00e7as-feiras a partir das 08:00 (oito) horas (da manh\u00e3), e tamb\u00e9m pode ficar por dentro de todas as informa\u00e7\u00f5es atrav\u00e9s do portal de not\u00edcias\u00a0<a href=\"http://www.manicore.am.leg.br/\">www.manicore.am.leg.br</a>\u00a0e na fan page\u00a0<a href=\"http://www.facebook.com/camarademanicoreoficial\">www.facebook.com/camarademanicoreoficial</a>\u00a0e ouvir ao vivo pela web r\u00e1dio\u00a0<a href=\"https://www.manicore.am.leg.br/radio\" target=\"_self\">www.manicore.am.leg.br/radio</a>\u00a0e assistir pelo canal da C\u00e2mara no Youtube\u00a0<a href=\"https://www.manicore.am.leg.br/tv\" target=\"_self\">www.manicore.am.leg.br/tv</a></p>\r\n<p style=\"text-align: justify; \"><i>Assessoria de Imprensa</i></p>\r\n<p style=\"text-align: justify; \"><i>Gabriel Caetano</i></p>\r\n<p style=\"text-align: justify; \"><i>gabrieljornalistaam@hotmail.com</i></p>", "author_name": "", "version": "1.0", "author_url": "https://www.manicore.am.leg.br/author/mnc", "provider_name": "C\u00e2mara Municipal de Manicor\u00e9 - \"O Poder do Di\u00e1logo\"", "type": "rich"}